{"id":4408,"date":"2023-05-19T12:49:07","date_gmt":"2023-05-19T10:49:07","guid":{"rendered":"https:\/\/rosasolapsicologia.com\/?p=4408"},"modified":"2024-01-19T20:40:53","modified_gmt":"2024-01-19T18:40:53","slug":"edatisme","status":"publish","type":"post","link":"https:\/\/rosasolapsicologia.com\/ca\/edatisme\/","title":{"rendered":"EDATISME"},"content":{"rendered":"<p><strong>L&#8217;edatisme \u00e9s la tercera causa de discriminaci\u00f3 al m\u00f3n<\/strong>. Aquesta discriminaci\u00f3 per edat, va per darrere de la discriminaci\u00f3 per ra\u00e7a i per g\u00e8nere.<\/p>\n<p>El terme<strong> \u201cageism\u201d<\/strong> va ser encunyat el 1968 pel psiquiatre Robert Butler i fa refer\u00e8ncia als estereotips (com pensem), als prejudicis (com sentim) i a les actuacions (discriminaci\u00f3) vers altres persones o nosaltres mateixos per motiu de l&#8217;edat. L&#8217;edatisme se superposa amb altres formes de discriminaci\u00f3 per g\u00e8nere, ra\u00e7a I discapacitat.<\/p>\n<blockquote><p>Envellir forma part de la vida, es inherent al cicle vital i no \u00e9s una malaltia que hagi de ser tractada, per\u00f2 s\u00ed que hi ha uns canvis f\u00edsics en els quals conv\u00e9 posar-hi m\u00e9s atenci\u00f3 fent necessaris canvis adaptatius en l&#8217;\u00e0mbit cognitiu, emocional i funcional.<\/p><\/blockquote>\n<p>Actualment, &#8220;comprem&#8221; la part bona de fer-se gran, com l&#8217;envelliment actiu i saludable que obre grans espais de mercat per a les persones grans: l&#8217;actividad f\u00edsica, el turisme, l&#8217;oci, els cosm\u00e8tics, les cirurgies est\u00e8tiques, etc.,<\/p>\n<p>Aquest envelliment que considerem exit\u00f3s dona peu a la<strong> distinci\u00f3 entre aquesta tercera edat i la quarta edat.<\/strong> En la tercera edat som grans, per\u00f2 no vells i la independ\u00e8ncia es mant\u00e9. Aquesta tercera edat es fixa a partir dels 65 anys independentment de la situaci\u00f3 personal, activitat professional o estat de salut.<strong> La tercera edat \u00e9s l&#8217;edat de la jubilaci\u00f3 en la qual destaca l&#8217;oci, l&#8217;autorealitzaci\u00f3, la salut i el comprom\u00eds social.<\/strong><\/p>\n<p>Ans al contrari, s&#8217;estableix l&#8217;inici de<strong> la quarta edat, o de \u201cenvelliment de l&#8217;envelliment&#8221; entre els 80 o 85 anys i suposa un <a href=\"https:\/\/rosasolapsicologia.com\/estimulacio-cognitiva\/\">progressiu deteriorament f\u00edsic, psicol\u00f2gic i social<\/a> que va de bracet d&#8217;una falta d&#8217;autonomia<\/strong> que actualment a la nostra societat desposseeix a les persones de la seva individualitat i del seu capital social I cultural.<\/p>\n<p>Un nou enfocament \u00e9s la vellesa afirmativa (Sandberg, 2013) que fuig d&#8217;aquesta narrativa del declivi, que defineix i caracteritza el cos que envelleix per la manca de productivitat i l&#8217;augment de passivitat I de la depend\u00e8ncia.<\/p>\n<blockquote><p>La vellesa afirmativa \u00e9s un espai te\u00f2ric que mant\u00e9 que per a combatre l&#8217;edatisme s&#8217;ha de transcendir aquesta visi\u00f3 bin\u00e0ria de jove\/\u00e8xit \u2013 vell\/declivi I donar espai a la gent gran com a referent de saviesa i experi\u00e8ncia.<\/p><\/blockquote>\n","protected":false},"excerpt":{"rendered":"<p>L&#8217;edatisme \u00e9s la tercera causa de discriminaci\u00f3 al m\u00f3n. Aquesta discriminaci\u00f3 per edat, va per darrere de la discriminaci\u00f3 per ra\u00e7a i per g\u00e8nere. El terme \u201cageism\u201d va ser encunyat el 1968 pel psiquiatre Robert Butler i fa refer\u00e8ncia als estereotips (com pensem), als prejudicis (com sentim) i a les actuacions (discriminaci\u00f3) vers altres persones [&hellip;]<\/p>\n","protected":false},"author":2,"featured_media":4584,"comment_status":"open","ping_status":"open","sticky":false,"template":"","format":"standard","meta":{"footnotes":""},"categories":[50],"tags":[],"class_list":["post-4408","post","type-post","status-publish","format-standard","has-post-thumbnail","hentry","category-grups-terapeutics-ca"],"_links":{"self":[{"href":"https:\/\/rosasolapsicologia.com\/ca\/wp-json\/wp\/v2\/posts\/4408","targetHints":{"allow":["GET"]}}],"collection":[{"href":"https:\/\/rosasolapsicologia.com\/ca\/wp-json\/wp\/v2\/posts"}],"about":[{"href":"https:\/\/rosasolapsicologia.com\/ca\/wp-json\/wp\/v2\/types\/post"}],"author":[{"embeddable":true,"href":"https:\/\/rosasolapsicologia.com\/ca\/wp-json\/wp\/v2\/users\/2"}],"replies":[{"embeddable":true,"href":"https:\/\/rosasolapsicologia.com\/ca\/wp-json\/wp\/v2\/comments?post=4408"}],"version-history":[{"count":9,"href":"https:\/\/rosasolapsicologia.com\/ca\/wp-json\/wp\/v2\/posts\/4408\/revisions"}],"predecessor-version":[{"id":4602,"href":"https:\/\/rosasolapsicologia.com\/ca\/wp-json\/wp\/v2\/posts\/4408\/revisions\/4602"}],"wp:featuredmedia":[{"embeddable":true,"href":"https:\/\/rosasolapsicologia.com\/ca\/wp-json\/wp\/v2\/media\/4584"}],"wp:attachment":[{"href":"https:\/\/rosasolapsicologia.com\/ca\/wp-json\/wp\/v2\/media?parent=4408"}],"wp:term":[{"taxonomy":"category","embeddable":true,"href":"https:\/\/rosasolapsicologia.com\/ca\/wp-json\/wp\/v2\/categories?post=4408"},{"taxonomy":"post_tag","embeddable":true,"href":"https:\/\/rosasolapsicologia.com\/ca\/wp-json\/wp\/v2\/tags?post=4408"}],"curies":[{"name":"wp","href":"https:\/\/api.w.org\/{rel}","templated":true}]}}